{"id":627,"date":"2007-02-26T21:05:48","date_gmt":"2007-02-26T20:05:48","guid":{"rendered":"http:\/\/www.miasik.net\/archive\/2007\/02\/uzbrojona-ameryka\/"},"modified":"2008-01-27T18:48:58","modified_gmt":"2008-01-27T17:48:58","slug":"uzbrojona-ameryka","status":"publish","type":"post","link":"https:\/\/miasik.net\/blog\/archive\/2007\/02\/uzbrojona-ameryka\/","title":{"rendered":"Uzbrojona Ameryka"},"content":{"rendered":"<p>Fotograf Kyle Kassidy przygotowuje album fotograficzny &#8222;Armed America: Portraits of Gun Owners in Their Homes&#8221;, w kt\u00f3rym portretuje ameryka\u0144skich posiadaczy broni w ich domach. <a href=\"http:\/\/www.armedamerica.org\/\">Na stronie po\u015bwi\u0119conej temu projektowi<\/a> znajdziemy pr\u00f3bki tych zdj\u0119\u0107, warte obejrzenia. Tak, posiadacze broni to s\u0105 normalni ludzie. Warto te\u017c zacytowa\u0107 niekt\u00f3rych sportretowanych:<\/p>\n<blockquote><p>Gdy wykryto u mnie raka, okaza\u0142o si\u0119, \u017ce ja sam i moja rodzina wymagamy ochrony. By\u0142em za stary, by walczy\u0107, za chory, by ucieka\u0107, a poniewa\u017c rak pozbawi\u0142 mnie strun g\u0142osowych, nie mog\u0142em wo\u0142a\u0107 o pomoc. Kupi\u0142em sobie pierwsz\u0105 w \u017cyciu bro\u0144 paln\u0105.<\/p><\/blockquote>\n<blockquote><p>Posiadam bro\u0144 z tego samego powodu, z kt\u00f3rego posiadam ga\u015bnic\u0119 &#8211; o ile, z pewno\u015bci\u0105, nie spodziewam si\u0119, ani te\u017c nie mam nadziei na najgorsze, je\u015bli by jednak nadesz\u0142o, jestem przygotowany, aby podj\u0105\u0107 aktywne kroki w celu zapewnienia, \u017ce moja rodzina przetrwa&#8230;<\/p><\/blockquote>\n<blockquote><p>Wierzymy, \u017ce to MY jeste\u015bmy nasz\u0105 pierwsz\u0105 lini\u0105 obrony. Gdyby zdarzy\u0142 si\u0119 ten ma\u0142o prawdopodobny przypadek, \u017ce staliby\u015bmy si\u0119 ofiarami przemocy, oboje jeste\u015bmy wyszkoleni i gotowi do obrony siebie, naszych przysz\u0142ych dzieci i naszej w\u0142asno\u015bci przed jak\u0105kolwiek krzywd\u0105.<\/p><\/blockquote>\n<blockquote><p>Uwa\u017cam, \u017ce posiadanie broni to nie tylko prawo, ale tak\u017ce obowi\u0105zek ludzi wolnych wobec siebie samych i przysz\u0142ych generacji.<\/p><\/blockquote>\n<blockquote><p>Moja \u017cona i ja wierzymy tak\u017ce gor\u0105co w suwerenno\u015b\u0107 jednostki i rodziny. Jeste\u015bmy obywatelami, z naszymi niezbywalnymi prawami, a nie przedmiotami do rz\u0105dzenia nimi. [&#8230;] Prawo posiadania i noszenia broni nie oznacza, \u017ce obywatele mog\u0105 polowa\u0107 czy strzela\u0107 do tarczy. Uznaje si\u0119, \u017ce mog\u0105 broni\u0107 swego kraju, stanu, spo\u0142eczno\u015bci, rodzin i samych siebie przed tymi, kt\u00f3ry zechc\u0105 uczyni\u0107 im krzywd\u0119, czy b\u0119dzie to obca armia, czy ich w\u0142asny lokalny, stanowy albo federalny rz\u0105d&#8230; albo jaki\u015b brutalny zbir.<\/p><\/blockquote>\n<blockquote><p>My\u015bl\u0119, \u017ce ka\u017cdy powinien mie\u0107 bro\u0144. To wyr\u00f3wnuje szanse.<\/p><\/blockquote>\n<blockquote><p>Jeste\u015bmy swoj\u0105 ostatni\u0105 lini\u0105 obrony. Nie widzia\u0142em jeszcze przekonywuj\u0105cego argument\u00f3w przeciwnik\u00f3w prawa do posiadania broni, dlaczego to przestrzegaj\u0105cy prawa obywatele nie powinni jej posiada\u0107. Wszyscy zgadzamy si\u0119 co do tego, \u017ce przest\u0119pcy nie powinni jej mie\u0107, ale jak\u0105 korzy\u015b\u0107 jest w odbieraniu jej dobrym ludziom?<\/p><\/blockquote>\n","protected":false},"excerpt":{"rendered":"<p>Fotograf Kyle Kassidy przygotowuje album fotograficzny &#8222;Armed America: Portraits of Gun Owners in Their Homes&#8221;, w kt\u00f3rym portretuje ameryka\u0144skich posiadaczy broni w ich domach. Na stronie po\u015bwi\u0119conej temu projektowi znajdziemy pr\u00f3bki tych zdj\u0119\u0107, warte obejrzenia. Tak, posiadacze broni to s\u0105 normalni ludzie. Warto te\u017c zacytowa\u0107 niekt\u00f3rych sportretowanych: Gdy wykryto u mnie raka, okaza\u0142o si\u0119, \u017ce [&hellip;]<\/p>\n","protected":false},"author":3,"featured_media":0,"comment_status":"open","ping_status":"open","sticky":false,"template":"","format":"standard","meta":{"footnotes":""},"categories":[2],"tags":[50,236,21,235,53],"_links":{"self":[{"href":"https:\/\/miasik.net\/blog\/wp-json\/wp\/v2\/posts\/627"}],"collection":[{"href":"https:\/\/miasik.net\/blog\/wp-json\/wp\/v2\/posts"}],"about":[{"href":"https:\/\/miasik.net\/blog\/wp-json\/wp\/v2\/types\/post"}],"author":[{"embeddable":true,"href":"https:\/\/miasik.net\/blog\/wp-json\/wp\/v2\/users\/3"}],"replies":[{"embeddable":true,"href":"https:\/\/miasik.net\/blog\/wp-json\/wp\/v2\/comments?post=627"}],"version-history":[{"count":0,"href":"https:\/\/miasik.net\/blog\/wp-json\/wp\/v2\/posts\/627\/revisions"}],"wp:attachment":[{"href":"https:\/\/miasik.net\/blog\/wp-json\/wp\/v2\/media?parent=627"}],"wp:term":[{"taxonomy":"category","embeddable":true,"href":"https:\/\/miasik.net\/blog\/wp-json\/wp\/v2\/categories?post=627"},{"taxonomy":"post_tag","embeddable":true,"href":"https:\/\/miasik.net\/blog\/wp-json\/wp\/v2\/tags?post=627"}],"curies":[{"name":"wp","href":"https:\/\/api.w.org\/{rel}","templated":true}]}}