{"id":1911,"date":"2009-11-19T18:45:34","date_gmt":"2009-11-19T17:45:34","guid":{"rendered":"http:\/\/www.miasik.net\/?p=1911"},"modified":"2009-11-19T18:45:34","modified_gmt":"2009-11-19T17:45:34","slug":"inni-tez-chca-porzadkowac-internet","status":"publish","type":"post","link":"https:\/\/miasik.net\/blog\/archive\/2009\/11\/inni-tez-chca-porzadkowac-internet\/","title":{"rendered":"Inni te\u017c chc\u0105 porz\u0105dkowa\u0107 internet"},"content":{"rendered":"<p>Nie tylko nasz dzielny premier zamierza <a href=\"http:\/\/www.miasik.net\/archive\/2009\/11\/na-rzad-mozna-liczyc\/\">zrobi\u0107 porz\u0105dek w internecie i uwolni\u0107 go od wszelkiego z\u0142a<\/a>, ale tak\u017ce pos\u0142owie staraj\u0105 si\u0119 co\u015b zrobi\u0107 w tej sprawie. <\/p>\n<p>Jest czas na porz\u0105dki, to trzeba by\u0107 aktywnym i do\u015bwiadczony w pracy terenowej <a href=\"http:\/\/prawo.vagla.pl\/node\/8757\">pose\u0142 Gosiewski zapyta\u0142 w interpelacji rz\u0105d<\/a>, co ten zamierza zrobi\u0107 w sprawie anonimowo\u015bci wypowiedzi na rozmaitych internetowych forach, no i w sprawie brzydkiego j\u0119zyka, kt\u00f3rego si\u0119 tam anonimowo u\u017cywa. Sytuacja w internecie jest karygodna, jak twierdzi pose\u0142. Nie do\u015b\u0107, \u017ce czasem nie wiadomo, kto sobie pozwala krytykowa\u0107 r\u00f3\u017cnych ludzi, czy nawet ich pomawia\u0107 i obra\u017ca\u0107, to na dodatek czyni to w spos\u00f3b niewybredny i ur\u0105gaj\u0105cy j\u0119zykowi. Tak nie mo\u017ce by\u0107 i &#8222;by\u0142oby wskazanym&#8221;, aby sprokurowa\u0107 jakie\u015b prawo, kt\u00f3re to zaraz za\u0142atwi i przyk\u0142adnie winnych ukara. <\/p>\n<p>Jak domy\u015blam si\u0119, to akurat pose\u0142 skierowa\u0142 do siebie i swoich koleg\u00f3w, wszak\u017ce oni stanowi\u0105 tu prawo, ale rz\u0105dowego ministra konkretnie zapyta\u0142 &#8222;co Pan zamierza uczyni\u0107, aby podnie\u015b\u0107 poziom kultury s\u0142owa j\u0119zyka polskiego w Internecie?&#8221; Bardzo jestem ciekawy, to ten minister odpowie. To takie t\u0119gie g\u0142owy, \u017ce wszystko pewnie umiej\u0105 za\u0142atwi\u0107, tylko trzeba im grzecznie przypomnie\u0107. <\/p>\n<p>Jak wida\u0107, zaraz nam tutaj internet ureguluj\u0105. Mo\u017ce jakie\u015b prawo jazdy na internet? Poprzedzone egzaminem z j\u0119zyka polskiego? I obowi\u0105zkowe rejestrowanie si\u0119 z dowodem osobistym na ka\u017cdym forum. <\/p>\n<p>Dzielne ch\u0142opaki, tak si\u0119 staraj\u0105, ale mo\u017ce kto\u015b by wyedukowa\u0142 najpierw Gosiewskiego, aby wiedzia\u0142, z czym walczy. <\/p>\n","protected":false},"excerpt":{"rendered":"<p>Nie tylko nasz dzielny premier zamierza zrobi\u0107 porz\u0105dek w internecie i uwolni\u0107 go od wszelkiego z\u0142a, ale tak\u017ce pos\u0142owie staraj\u0105 si\u0119 co\u015b zrobi\u0107 w tej sprawie. Jest czas na porz\u0105dki, to trzeba by\u0107 aktywnym i do\u015bwiadczony w pracy terenowej pose\u0142 Gosiewski zapyta\u0142 w interpelacji rz\u0105d, co ten zamierza zrobi\u0107 w sprawie anonimowo\u015bci wypowiedzi na rozmaitych [&hellip;]<\/p>\n","protected":false},"author":3,"featured_media":0,"comment_status":"open","ping_status":"open","sticky":false,"template":"","format":"standard","meta":{"footnotes":""},"categories":[2],"tags":[392,464,678],"_links":{"self":[{"href":"https:\/\/miasik.net\/blog\/wp-json\/wp\/v2\/posts\/1911"}],"collection":[{"href":"https:\/\/miasik.net\/blog\/wp-json\/wp\/v2\/posts"}],"about":[{"href":"https:\/\/miasik.net\/blog\/wp-json\/wp\/v2\/types\/post"}],"author":[{"embeddable":true,"href":"https:\/\/miasik.net\/blog\/wp-json\/wp\/v2\/users\/3"}],"replies":[{"embeddable":true,"href":"https:\/\/miasik.net\/blog\/wp-json\/wp\/v2\/comments?post=1911"}],"version-history":[{"count":6,"href":"https:\/\/miasik.net\/blog\/wp-json\/wp\/v2\/posts\/1911\/revisions"}],"predecessor-version":[{"id":1917,"href":"https:\/\/miasik.net\/blog\/wp-json\/wp\/v2\/posts\/1911\/revisions\/1917"}],"wp:attachment":[{"href":"https:\/\/miasik.net\/blog\/wp-json\/wp\/v2\/media?parent=1911"}],"wp:term":[{"taxonomy":"category","embeddable":true,"href":"https:\/\/miasik.net\/blog\/wp-json\/wp\/v2\/categories?post=1911"},{"taxonomy":"post_tag","embeddable":true,"href":"https:\/\/miasik.net\/blog\/wp-json\/wp\/v2\/tags?post=1911"}],"curies":[{"name":"wp","href":"https:\/\/api.w.org\/{rel}","templated":true}]}}